{"id":1295,"date":"2023-03-13T10:29:06","date_gmt":"2023-03-13T10:29:06","guid":{"rendered":"http:\/\/filleresutak.hu\/?p=1295"},"modified":"2023-03-13T10:30:57","modified_gmt":"2023-03-13T10:30:57","slug":"tovabbi-10-muzeum-amelyet-ingyenesen-latogathatsz-marcius-15-en","status":"publish","type":"post","link":"https:\/\/filleresutak.hu\/?p=1295","title":{"rendered":"Tov\u00e1bbi 10 m\u00fazeum, amelyet ingyenesen l\u00e1togathatsz m\u00e1rcius 15-\u00e9n"},"content":{"rendered":"\n<p>Az el\u0151z\u0151 cikk\u00fcnk itt \u00e9rhet\u0151 el:<\/p>\n\n\n<div class=\"wp-block-image\">\n<figure class=\"aligncenter size-full is-resized\"><a href=\"http:\/\/filleresutak.hu\/?p=1235\" target=\"_blank\" rel=\"noreferrer noopener\"><img loading=\"lazy\" decoding=\"async\" src=\"http:\/\/filleresutak.hu\/wp-content\/uploads\/2023\/03\/image-70.png\" alt=\"\" class=\"wp-image-1307\" width=\"490\" height=\"138\" srcset=\"https:\/\/filleresutak.hu\/wp-content\/uploads\/2023\/03\/image-70.png 595w, https:\/\/filleresutak.hu\/wp-content\/uploads\/2023\/03\/image-70-300x84.png 300w, https:\/\/filleresutak.hu\/wp-content\/uploads\/2023\/03\/image-70-590x167.png 590w\" sizes=\"auto, (max-width: 490px) 100vw, 490px\" \/><\/a><\/figure>\n<\/div>\n\n\n<p>Az al\u00e1bbi 10 m\u00fazeumot is ingyenesen l\u00e1togathatod meg m\u00e1rcius 15-\u00e9n:<\/p>\n\n\n\n<p class=\"has-text-align-left has-x-large-font-size\"><strong>1. Magyar Mez\u0151gazdas\u00e1gi M\u00fazeum<\/strong><\/p>\n\n\n<div class=\"wp-block-image\">\n<figure class=\"aligncenter size-full is-resized\"><img loading=\"lazy\" decoding=\"async\" src=\"http:\/\/filleresutak.hu\/wp-content\/uploads\/2023\/03\/image-67.png\" alt=\"\" class=\"wp-image-1304\" width=\"689\" height=\"458\" srcset=\"https:\/\/filleresutak.hu\/wp-content\/uploads\/2023\/03\/image-67.png 800w, https:\/\/filleresutak.hu\/wp-content\/uploads\/2023\/03\/image-67-300x200.png 300w, https:\/\/filleresutak.hu\/wp-content\/uploads\/2023\/03\/image-67-768x511.png 768w\" sizes=\"auto, (max-width: 689px) 100vw, 689px\" \/><\/figure>\n<\/div>\n\n\n<p>C\u00edm: Budapest, Vajdahunyad s\u00e9t\u00e1ny<\/p>\n\n\n\n<p>Nyitvatart\u00e1s: 10:00-17:00<\/p>\n\n\n\n<p>A m\u00fazeum weboldala <a href=\"https:\/\/www.mezogazdasagimuzeum.hu\/\" data-type=\"URL\" data-id=\"https:\/\/www.mezogazdasagimuzeum.hu\/\" target=\"_blank\" rel=\"noreferrer noopener\">ITT<\/a> \u00e9rhet\u0151 el.<\/p>\n\n\n\n<hr class=\"wp-block-separator has-alpha-channel-opacity\"\/>\n\n\n\n<p class=\"has-x-large-font-size\"><strong>2. Hadt\u00f6rt\u00e9neti Int\u00e9zet \u00e9s M\u00fazeum<\/strong><\/p>\n\n\n<div class=\"wp-block-image\">\n<figure class=\"aligncenter size-full is-resized\"><img loading=\"lazy\" decoding=\"async\" src=\"http:\/\/filleresutak.hu\/wp-content\/uploads\/2023\/03\/image-66.png\" alt=\"\" class=\"wp-image-1303\" width=\"690\" height=\"518\" srcset=\"https:\/\/filleresutak.hu\/wp-content\/uploads\/2023\/03\/image-66.png 1024w, https:\/\/filleresutak.hu\/wp-content\/uploads\/2023\/03\/image-66-300x225.png 300w, https:\/\/filleresutak.hu\/wp-content\/uploads\/2023\/03\/image-66-768x576.png 768w\" sizes=\"auto, (max-width: 690px) 100vw, 690px\" \/><\/figure>\n<\/div>\n\n\n<p>C\u00edm: Budapest, Kapisztr\u00e1n t\u00e9r 2-4.<\/p>\n\n\n\n<p>Nyitvatart\u00e1s: 9:00-17:00<\/p>\n\n\n\n<p>A m\u00fazeum weboldala <a href=\"https:\/\/militaria.hu\/\" data-type=\"URL\" data-id=\"https:\/\/militaria.hu\/\" target=\"_blank\" rel=\"noreferrer noopener\">ITT<\/a> \u00e9rhet\u0151 el.<\/p>\n\n\n\n<hr class=\"wp-block-separator has-alpha-channel-opacity\"\/>\n\n\n\n<p class=\"has-text-align-left has-x-large-font-size\"><strong>3. Kiscelli M\u00faze\u00fam<\/strong><\/p>\n\n\n<div class=\"wp-block-image\">\n<figure class=\"aligncenter size-large is-resized\"><img loading=\"lazy\" decoding=\"async\" src=\"http:\/\/filleresutak.hu\/wp-content\/uploads\/2023\/03\/image-65-1024x575.png\" alt=\"\" class=\"wp-image-1302\" width=\"664\" height=\"372\" srcset=\"https:\/\/filleresutak.hu\/wp-content\/uploads\/2023\/03\/image-65-1024x575.png 1024w, https:\/\/filleresutak.hu\/wp-content\/uploads\/2023\/03\/image-65-300x168.png 300w, https:\/\/filleresutak.hu\/wp-content\/uploads\/2023\/03\/image-65-768x431.png 768w, https:\/\/filleresutak.hu\/wp-content\/uploads\/2023\/03\/image-65-1536x862.png 1536w, https:\/\/filleresutak.hu\/wp-content\/uploads\/2023\/03\/image-65-2048x1149.png 2048w\" sizes=\"auto, (max-width: 664px) 100vw, 664px\" \/><\/figure>\n<\/div>\n\n\n<p>C\u00edm: Budapest, Kiscelli u. 108.<\/p>\n\n\n\n<p>Nyitvatart\u00e1s: 10:00-18:00<\/p>\n\n\n\n<p>A m\u00fazeum weboldala <a href=\"http:\/\/kiscellimuzeum.hu\/\" data-type=\"URL\" data-id=\"http:\/\/kiscellimuzeum.hu\/\" target=\"_blank\" rel=\"noreferrer noopener\">ITT<\/a> \u00e9rhet\u0151 el.<\/p>\n\n\n\n<hr class=\"wp-block-separator has-alpha-channel-opacity\"\/>\n\n\n\n<p class=\"has-text-align-left has-x-large-font-size\"><strong>4.<\/strong> <strong>Ludwig M\u00fazeum<\/strong><\/p>\n\n\n<div class=\"wp-block-image\">\n<figure class=\"aligncenter size-full is-resized\"><img loading=\"lazy\" decoding=\"async\" src=\"http:\/\/filleresutak.hu\/wp-content\/uploads\/2023\/03\/image-64.png\" alt=\"\" class=\"wp-image-1301\" width=\"647\" height=\"469\" srcset=\"https:\/\/filleresutak.hu\/wp-content\/uploads\/2023\/03\/image-64.png 960w, https:\/\/filleresutak.hu\/wp-content\/uploads\/2023\/03\/image-64-300x218.png 300w, https:\/\/filleresutak.hu\/wp-content\/uploads\/2023\/03\/image-64-768x557.png 768w\" sizes=\"auto, (max-width: 647px) 100vw, 647px\" \/><\/figure>\n<\/div>\n\n\n<p>C\u00edm: Budapest, Komor Marcell u. 1.<\/p>\n\n\n\n<p>Nyitvatart\u00e1s: 10:00-20:00<\/p>\n\n\n\n<p>A m\u00fazeum weboldala<a href=\"https:\/\/www.ludwigmuseum.hu\/\" data-type=\"URL\" data-id=\"https:\/\/www.ludwigmuseum.hu\/\" target=\"_blank\" rel=\"noreferrer noopener\"> ITT<\/a> \u00e9rhet\u0151 el.<\/p>\n\n\n\n<hr class=\"wp-block-separator has-alpha-channel-opacity\"\/>\n\n\n\n<p class=\"has-x-large-font-size\">5<strong>. Magyar Vas\u00fatt\u00f6rt\u00e9neti Park<\/strong><\/p>\n\n\n<div class=\"wp-block-image\">\n<figure class=\"aligncenter size-large is-resized\"><img loading=\"lazy\" decoding=\"async\" src=\"http:\/\/filleresutak.hu\/wp-content\/uploads\/2023\/03\/image-63-1024x683.png\" alt=\"\" class=\"wp-image-1300\" width=\"642\" height=\"428\" srcset=\"https:\/\/filleresutak.hu\/wp-content\/uploads\/2023\/03\/image-63-1024x683.png 1024w, https:\/\/filleresutak.hu\/wp-content\/uploads\/2023\/03\/image-63-300x200.png 300w, https:\/\/filleresutak.hu\/wp-content\/uploads\/2023\/03\/image-63-768x512.png 768w, https:\/\/filleresutak.hu\/wp-content\/uploads\/2023\/03\/image-63.png 1200w\" sizes=\"auto, (max-width: 642px) 100vw, 642px\" \/><\/figure>\n<\/div>\n\n\n<p>C\u00edm: Budapest, Tatai u. 95.<\/p>\n\n\n\n<p>Nyitvatart\u00e1s: 10:00-16:00<\/p>\n\n\n\n<p>A m\u00fazeum weboldala<a rel=\"noreferrer noopener\" href=\"https:\/\/vasuttortenetipark.hu\/\" data-type=\"URL\" data-id=\"https:\/\/vasuttortenetipark.hu\/\" target=\"_blank\"> ITT<\/a> \u00e9rhet\u0151 el.<\/p>\n\n\n\n<hr class=\"wp-block-separator has-alpha-channel-opacity\"\/>\n\n\n\n<p class=\"has-x-large-font-size\"><strong>6. Pal\u00f3c M\u00fazeum<\/strong><\/p>\n\n\n<div class=\"wp-block-image\">\n<figure class=\"aligncenter size-large is-resized\"><img loading=\"lazy\" decoding=\"async\" src=\"http:\/\/filleresutak.hu\/wp-content\/uploads\/2023\/03\/image-60-1024x686.png\" alt=\"\" class=\"wp-image-1296\" width=\"633\" height=\"423\" srcset=\"https:\/\/filleresutak.hu\/wp-content\/uploads\/2023\/03\/image-60-1024x686.png 1024w, https:\/\/filleresutak.hu\/wp-content\/uploads\/2023\/03\/image-60-300x201.png 300w, https:\/\/filleresutak.hu\/wp-content\/uploads\/2023\/03\/image-60-768x514.png 768w, https:\/\/filleresutak.hu\/wp-content\/uploads\/2023\/03\/image-60.png 1195w\" sizes=\"auto, (max-width: 633px) 100vw, 633px\" \/><\/figure>\n<\/div>\n\n\n<p>C\u00edm: Balassagyarmat, Pal\u00f3c liget 1.<\/p>\n\n\n\n<p>Nyitvatart\u00e1s: 9:00-16:00<\/p>\n\n\n\n<p>A m\u00fazeum weboldala<a href=\"https:\/\/palocmuzeum.hu\/\" data-type=\"URL\" data-id=\"https:\/\/palocmuzeum.hu\/\" target=\"_blank\" rel=\"noreferrer noopener\"> ITT<\/a> \u00e9rhet\u0151 el.<\/p>\n\n\n\n<hr class=\"wp-block-separator has-alpha-channel-opacity\"\/>\n\n\n\n<p class=\"has-x-large-font-size\"><strong>7. Balatoni M\u00fazeum<\/strong><\/p>\n\n\n<div class=\"wp-block-image\">\n<figure class=\"aligncenter size-large is-resized\"><img loading=\"lazy\" decoding=\"async\" src=\"http:\/\/filleresutak.hu\/wp-content\/uploads\/2023\/03\/image-62-1024x640.png\" alt=\"\" class=\"wp-image-1298\" width=\"654\" height=\"409\" srcset=\"https:\/\/filleresutak.hu\/wp-content\/uploads\/2023\/03\/image-62-1024x640.png 1024w, https:\/\/filleresutak.hu\/wp-content\/uploads\/2023\/03\/image-62-300x188.png 300w, https:\/\/filleresutak.hu\/wp-content\/uploads\/2023\/03\/image-62-768x480.png 768w, https:\/\/filleresutak.hu\/wp-content\/uploads\/2023\/03\/image-62.png 1200w\" sizes=\"auto, (max-width: 654px) 100vw, 654px\" \/><\/figure>\n<\/div>\n\n\n<p>C\u00edm: Keszthely, M\u00fazeum utca 2.<\/p>\n\n\n\n<p>Nyitvatart\u00e1s: 9:00-17:00<\/p>\n\n\n\n<p>A m\u00fazeum weboldala<a href=\"https:\/\/balatonimuzeum.hu\/\" data-type=\"URL\" data-id=\"https:\/\/balatonimuzeum.hu\/\" target=\"_blank\" rel=\"noreferrer noopener\"> ITT<\/a> \u00e9rhet\u0151 el.<\/p>\n\n\n\n<hr class=\"wp-block-separator has-alpha-channel-opacity\"\/>\n\n\n\n<p class=\"has-x-large-font-size\"><strong>8. Visegr\u00e1di Fellegv\u00e1r<\/strong><\/p>\n\n\n<div class=\"wp-block-image\">\n<figure class=\"aligncenter size-full is-resized\"><img loading=\"lazy\" decoding=\"async\" src=\"http:\/\/filleresutak.hu\/wp-content\/uploads\/2023\/03\/image-61.png\" alt=\"\" class=\"wp-image-1297\" width=\"626\" height=\"470\" srcset=\"https:\/\/filleresutak.hu\/wp-content\/uploads\/2023\/03\/image-61.png 800w, https:\/\/filleresutak.hu\/wp-content\/uploads\/2023\/03\/image-61-300x225.png 300w, https:\/\/filleresutak.hu\/wp-content\/uploads\/2023\/03\/image-61-768x576.png 768w\" sizes=\"auto, (max-width: 626px) 100vw, 626px\" \/><\/figure>\n<\/div>\n\n\n<p>C\u00edm: Visegr\u00e1d, V\u00e1rhegy<\/p>\n\n\n\n<p>Nyitvatart\u00e1s: 9:00-17:00<\/p>\n\n\n\n<p>A m\u00fazeum weboldala<a href=\"https:\/\/visitvisegrad.hu\/latnivalok\/fellegvar\" data-type=\"URL\" data-id=\"https:\/\/visitvisegrad.hu\/latnivalok\/fellegvar\" target=\"_blank\" rel=\"noreferrer noopener\"> ITT<\/a> \u00e9rhet\u0151 el.<\/p>\n\n\n\n<hr class=\"wp-block-separator has-alpha-channel-opacity\"\/>\n\n\n\n<p class=\"has-x-large-font-size\"><strong>9. Soproni M\u00fazeum (Lenck-villa, K\u00f6zponti B\u00e1ny\u00e1szati M\u00fazeum, Macskak\u0151 Gyermekm\u00fazeum, T\u0171ztorony)<\/strong><\/p>\n\n\n<div class=\"wp-block-image\">\n<figure class=\"aligncenter size-full is-resized\"><img loading=\"lazy\" decoding=\"async\" src=\"http:\/\/filleresutak.hu\/wp-content\/uploads\/2023\/03\/image-68.png\" alt=\"\" class=\"wp-image-1305\" width=\"616\" height=\"410\" srcset=\"https:\/\/filleresutak.hu\/wp-content\/uploads\/2023\/03\/image-68.png 800w, https:\/\/filleresutak.hu\/wp-content\/uploads\/2023\/03\/image-68-300x200.png 300w, https:\/\/filleresutak.hu\/wp-content\/uploads\/2023\/03\/image-68-768x512.png 768w\" sizes=\"auto, (max-width: 616px) 100vw, 616px\" \/><\/figure>\n<\/div>\n\n\n<p>C\u00edm: Sopron, De\u00e1k t\u00e9r 1.<\/p>\n\n\n\n<p>Nyitvatart\u00e1s: 10:00-18:00<\/p>\n\n\n\n<p>A m\u00fazeum weboldala<a href=\"https:\/\/sopronimuzeum.hu\/\" data-type=\"URL\" data-id=\"https:\/\/sopronimuzeum.hu\/\" target=\"_blank\" rel=\"noreferrer noopener\"> ITT<\/a> \u00e9rhet\u0151 el.<\/p>\n\n\n\n<hr class=\"wp-block-separator has-alpha-channel-opacity\"\/>\n\n\n\n<p class=\"has-x-large-font-size\"><strong>10. Esztergomi Bazilika \u00e9s Kincst\u00e1r<\/strong><\/p>\n\n\n<div class=\"wp-block-image\">\n<figure class=\"aligncenter size-full is-resized\"><img loading=\"lazy\" decoding=\"async\" src=\"http:\/\/filleresutak.hu\/wp-content\/uploads\/2023\/03\/image-69.png\" alt=\"\" class=\"wp-image-1306\" width=\"629\" height=\"420\" srcset=\"https:\/\/filleresutak.hu\/wp-content\/uploads\/2023\/03\/image-69.png 711w, https:\/\/filleresutak.hu\/wp-content\/uploads\/2023\/03\/image-69-300x200.png 300w\" sizes=\"auto, (max-width: 629px) 100vw, 629px\" \/><\/figure>\n<\/div>\n\n\n<p>C\u00edm: Esztergom, Szent Istv\u00e1n t\u00e9r 1.<\/p>\n\n\n\n<p>Nyitvatart\u00e1s: 9:00-17:00<\/p>\n\n\n\n<p>A m\u00fazeum weboldala<a rel=\"noreferrer noopener\" href=\"https:\/\/bazilika-esztergom.hu\/\" data-type=\"URL\" data-id=\"https:\/\/bazilika-esztergom.hu\/\" target=\"_blank\"> ITT<\/a> \u00e9rhet\u0151 el.<\/p>\n\n\n\n<hr class=\"wp-block-separator has-alpha-channel-opacity\"\/>\n\n\n\n<p class=\"has-text-align-left\"><strong>Ne maradj le egyetlen programaj\u00e1nlatunkr\u00f3l sem!<\/strong><\/p>\n\n\n\n<p class=\"has-text-align-left\"><strong>K\u00f6vess minket a Facebookon is!<\/strong><\/p>\n\n\n\n<div id=\"fb-root\"><\/div>\n<script async=\"\" defer=\"\" crossorigin=\"anonymous\" src=\"https:\/\/connect.facebook.net\/hu_HU\/sdk.js#xfbml=1&amp;version=v14.0\" nonce=\"GepTk1Qs\"><\/script>\n<div class=\"fb-page\" data-href=\"https:\/\/www.facebook.com\/filleresutak\/\" data-tabs=\"timeline\" data-width=\"\" data-height=\"\" data-small-header=\"false\" data-adapt-container-width=\"true\" data-hide-cover=\"false\" data-show-facepile=\"true\"><blockquote cite=\"https:\/\/www.facebook.com\/filleresutak\/\" class=\"fb-xfbml-parse-ignore\"><a href=\"https:\/\/www.facebook.com\/filleresutak\/\">Fill\u00e9res utak<\/a><\/blockquote><\/div>\n","protected":false},"excerpt":{"rendered":"<p>Az el\u0151z\u0151 cikk\u00fcnk itt \u00e9rhet\u0151 el: Az al\u00e1bbi 10 m\u00fazeumot is ingyenesen l\u00e1togathatod meg m\u00e1rcius<\/p>\n","protected":false},"author":1,"featured_media":1253,"comment_status":"closed","ping_status":"open","sticky":false,"template":"","format":"standard","meta":{"footnotes":""},"categories":[11],"tags":[],"class_list":["post-1295","post","type-post","status-publish","format-standard","has-post-thumbnail","hentry","category-programajanlo-ingyenes-programok"],"_links":{"self":[{"href":"https:\/\/filleresutak.hu\/index.php?rest_route=\/wp\/v2\/posts\/1295","targetHints":{"allow":["GET"]}}],"collection":[{"href":"https:\/\/filleresutak.hu\/index.php?rest_route=\/wp\/v2\/posts"}],"about":[{"href":"https:\/\/filleresutak.hu\/index.php?rest_route=\/wp\/v2\/types\/post"}],"author":[{"embeddable":true,"href":"https:\/\/filleresutak.hu\/index.php?rest_route=\/wp\/v2\/users\/1"}],"replies":[{"embeddable":true,"href":"https:\/\/filleresutak.hu\/index.php?rest_route=%2Fwp%2Fv2%2Fcomments&post=1295"}],"version-history":[{"count":3,"href":"https:\/\/filleresutak.hu\/index.php?rest_route=\/wp\/v2\/posts\/1295\/revisions"}],"predecessor-version":[{"id":1310,"href":"https:\/\/filleresutak.hu\/index.php?rest_route=\/wp\/v2\/posts\/1295\/revisions\/1310"}],"wp:featuredmedia":[{"embeddable":true,"href":"https:\/\/filleresutak.hu\/index.php?rest_route=\/wp\/v2\/media\/1253"}],"wp:attachment":[{"href":"https:\/\/filleresutak.hu\/index.php?rest_route=%2Fwp%2Fv2%2Fmedia&parent=1295"}],"wp:term":[{"taxonomy":"category","embeddable":true,"href":"https:\/\/filleresutak.hu\/index.php?rest_route=%2Fwp%2Fv2%2Fcategories&post=1295"},{"taxonomy":"post_tag","embeddable":true,"href":"https:\/\/filleresutak.hu\/index.php?rest_route=%2Fwp%2Fv2%2Ftags&post=1295"}],"curies":[{"name":"wp","href":"https:\/\/api.w.org\/{rel}","templated":true}]}}