{"id":13174,"date":"2025-12-06T09:34:34","date_gmt":"2025-12-06T09:34:34","guid":{"rendered":"https:\/\/filleresutak.hu\/?p=13174"},"modified":"2025-12-06T09:34:36","modified_gmt":"2025-12-06T09:34:36","slug":"ujrainditja-3-debreceni-jaratat-a-wizz-air","status":"publish","type":"post","link":"https:\/\/filleresutak.hu\/?p=13174","title":{"rendered":"\u00dajraind\u00edtja 3 debreceni j\u00e1rat\u00e1t a Wizz Air"},"content":{"rendered":"\n<script async src=\"https:\/\/pagead2.googlesyndication.com\/pagead\/js\/adsbygoogle.js?client=ca-pub-6182660024633786\"\n     crossorigin=\"anonymous\"><\/script>\n<!-- widget h\u00edrdet\u00e9s -->\n<ins class=\"adsbygoogle\"\n     style=\"display:block\"\n     data-ad-client=\"ca-pub-6182660024633786\"\n     data-ad-slot=\"4516046309\"\n     data-ad-format=\"auto\"\n     data-full-width-responsive=\"true\"><\/ins>\n<script>\n       (adsbygoogle = window.adsbygoogle || []).push({});\n<\/script>\n\n\n\n<p>Kor\u00e1bban <a href=\"https:\/\/filleresutak.hu\/?p=9750\" data-type=\"link\" data-id=\"https:\/\/filleresutak.hu\/?p=9750\" target=\"_blank\" rel=\"noreferrer noopener\">mi is besz\u00e1moltunk r\u00f3la<\/a>, hogy a Wizz Air jelent\u0151s j\u00e1ratritk\u00edt\u00e1sa miatt neh\u00e9z helyzetbe ker\u00fclt a Debrecen Airport, a l\u00e9git\u00e1rsas\u00e1g mostani bejelent\u00e9se szerint azonban 3 kor\u00e1bbi j\u00e1rat\u00e1t is \u00fajraind\u00edtja a l\u00e9git\u00e1rsas\u00e1g a C\u00edvisv\u00e1rosb\u00f3l. <\/p>\n\n\n<div class=\"wp-block-image\">\n<figure class=\"aligncenter size-large\"><img loading=\"lazy\" decoding=\"async\" width=\"1024\" height=\"576\" src=\"https:\/\/filleresutak.hu\/wp-content\/uploads\/2025\/12\/image-24-1024x576.png\" alt=\"\" class=\"wp-image-13176\" srcset=\"https:\/\/filleresutak.hu\/wp-content\/uploads\/2025\/12\/image-24-1024x576.png 1024w, https:\/\/filleresutak.hu\/wp-content\/uploads\/2025\/12\/image-24-300x169.png 300w, https:\/\/filleresutak.hu\/wp-content\/uploads\/2025\/12\/image-24-768x432.png 768w, https:\/\/filleresutak.hu\/wp-content\/uploads\/2025\/12\/image-24.png 1280w\" sizes=\"auto, (max-width: 1024px) 100vw, 1024px\" \/><figcaption class=\"wp-element-caption\"><em>Az eindhoveni rep\u00fcl\u0151teret f\u0151leg a vend\u00e9gmunk\u00e1sok haszn\u00e1lj\u00e1k.<\/em><\/figcaption><\/figure>\n<\/div>\n\n\n<p>M\u00e1rcius 31-t\u0151l \u00fajra el\u00e9rhet\u0151 lesz az izraeli Tel-Aviv, m\u00e1jus 2-t\u0151l a hollandiai Eindhoven, valamint a bejelent\u00e9s szerint Isztambulba is \u00fajra k\u00f6zlekedni fog Debrecenb\u0151l a Wizz, azonban ez m\u00e9g nem l\u00e1tszik a foglal\u00e1si rendszerben.<\/p>\n\n\n<div class=\"wp-block-image\">\n<figure class=\"aligncenter size-large\"><img loading=\"lazy\" decoding=\"async\" width=\"1024\" height=\"682\" src=\"https:\/\/filleresutak.hu\/wp-content\/uploads\/2025\/12\/image-23-1024x682.png\" alt=\"\" class=\"wp-image-13175\" srcset=\"https:\/\/filleresutak.hu\/wp-content\/uploads\/2025\/12\/image-23-1024x682.png 1024w, https:\/\/filleresutak.hu\/wp-content\/uploads\/2025\/12\/image-23-300x200.png 300w, https:\/\/filleresutak.hu\/wp-content\/uploads\/2025\/12\/image-23-768x512.png 768w, https:\/\/filleresutak.hu\/wp-content\/uploads\/2025\/12\/image-23.png 1280w\" sizes=\"auto, (max-width: 1024px) 100vw, 1024px\" \/><figcaption class=\"wp-element-caption\"><em>A magyar turist\u00e1k jelent\u0151s r\u00e9sze m\u00e9g ker\u00fcli Izraelt, a j\u00e1rat ink\u00e1bb az izraeli turist\u00e1knak lehet j\u00f3, valamint a Bodrogkereszt\u00farra \u00e9rkez\u0151 zsid\u00f3 zar\u00e1ndokoknak.<\/em><\/figcaption><\/figure>\n<\/div>\n\n\n<p>A tavasszal \u00fajraindul\u00f3 larnaca-i j\u00e1rattal, valamint az eg\u00e9sz \u00e9vben k\u00f6zleked\u0151 London-Lutonnal egy\u00fctt \u00edgy 5 j\u00e1ratot fog k\u00edn\u00e1lni a Wizz Air a ny\u00e1ri szezonban a debreceniek sz\u00e1m\u00e1ra.<\/p>\n\n\n\n<script async src=\"https:\/\/pagead2.googlesyndication.com\/pagead\/js\/adsbygoogle.js?client=ca-pub-6182660024633786\"\n     crossorigin=\"anonymous\"><\/script>\n<!-- widget h\u00edrdet\u00e9s -->\n<ins class=\"adsbygoogle\"\n     style=\"display:block\"\n     data-ad-client=\"ca-pub-6182660024633786\"\n     data-ad-slot=\"4516046309\"\n     data-ad-format=\"auto\"\n     data-full-width-responsive=\"true\"><\/ins>\n<script>\n       (adsbygoogle = window.adsbygoogle || []).push({});\n<\/script>\n","protected":false},"excerpt":{"rendered":"<p>Kor\u00e1bban mi is besz\u00e1moltunk r\u00f3la, hogy a Wizz Air jelent\u0151s j\u00e1ratritk\u00edt\u00e1sa miatt neh\u00e9z helyzetbe ker\u00fclt<\/p>\n","protected":false},"author":1,"featured_media":4535,"comment_status":"closed","ping_status":"open","sticky":false,"template":"","format":"standard","meta":{"footnotes":""},"categories":[6],"tags":[],"class_list":["post-13174","post","type-post","status-publish","format-standard","has-post-thumbnail","hentry","category-blog"],"_links":{"self":[{"href":"https:\/\/filleresutak.hu\/index.php?rest_route=\/wp\/v2\/posts\/13174","targetHints":{"allow":["GET"]}}],"collection":[{"href":"https:\/\/filleresutak.hu\/index.php?rest_route=\/wp\/v2\/posts"}],"about":[{"href":"https:\/\/filleresutak.hu\/index.php?rest_route=\/wp\/v2\/types\/post"}],"author":[{"embeddable":true,"href":"https:\/\/filleresutak.hu\/index.php?rest_route=\/wp\/v2\/users\/1"}],"replies":[{"embeddable":true,"href":"https:\/\/filleresutak.hu\/index.php?rest_route=%2Fwp%2Fv2%2Fcomments&post=13174"}],"version-history":[{"count":1,"href":"https:\/\/filleresutak.hu\/index.php?rest_route=\/wp\/v2\/posts\/13174\/revisions"}],"predecessor-version":[{"id":13177,"href":"https:\/\/filleresutak.hu\/index.php?rest_route=\/wp\/v2\/posts\/13174\/revisions\/13177"}],"wp:featuredmedia":[{"embeddable":true,"href":"https:\/\/filleresutak.hu\/index.php?rest_route=\/wp\/v2\/media\/4535"}],"wp:attachment":[{"href":"https:\/\/filleresutak.hu\/index.php?rest_route=%2Fwp%2Fv2%2Fmedia&parent=13174"}],"wp:term":[{"taxonomy":"category","embeddable":true,"href":"https:\/\/filleresutak.hu\/index.php?rest_route=%2Fwp%2Fv2%2Fcategories&post=13174"},{"taxonomy":"post_tag","embeddable":true,"href":"https:\/\/filleresutak.hu\/index.php?rest_route=%2Fwp%2Fv2%2Ftags&post=13174"}],"curies":[{"name":"wp","href":"https:\/\/api.w.org\/{rel}","templated":true}]}}