{"id":13191,"date":"2025-12-08T11:05:16","date_gmt":"2025-12-08T11:05:16","guid":{"rendered":"https:\/\/filleresutak.hu\/?p=13191"},"modified":"2025-12-08T11:05:18","modified_gmt":"2025-12-08T11:05:18","slug":"uj-jaratot-jelentett-be-a-wizz-air-es-a-ryanair-is","status":"publish","type":"post","link":"https:\/\/filleresutak.hu\/?p=13191","title":{"rendered":"\u00daj j\u00e1ratot jelentett be a Wizz Air \u00e9s a Ryanair is"},"content":{"rendered":"\n<script async src=\"https:\/\/pagead2.googlesyndication.com\/pagead\/js\/adsbygoogle.js?client=ca-pub-6182660024633786\"\n     crossorigin=\"anonymous\"><\/script>\n<!-- widget h\u00edrdet\u00e9s -->\n<ins class=\"adsbygoogle\"\n     style=\"display:block\"\n     data-ad-client=\"ca-pub-6182660024633786\"\n     data-ad-slot=\"4516046309\"\n     data-ad-format=\"auto\"\n     data-full-width-responsive=\"true\"><\/ins>\n<script>\n       (adsbygoogle = window.adsbygoogle || []).push({});\n<\/script>\n\n\n\n<p>Az elm\u00falt napokban 2 \u00faj budapesti j\u00e1rat is bejelent\u00e9sre ker\u00fclt a k\u00e9t nagy fapados r\u00e9sz\u00e9r\u0151l.<\/p>\n\n\n\n<p>H\u00e9tv\u00e9g\u00e9n jelent meg a Ryanair foglal\u00e1si rendszer\u00e9ben a Budapest-Lamezia j\u00e1rat, amelyre m\u00e1rcius 29-t\u0151l lehet repjegyet foglalni. A j\u00e1rat konkurenci\u00e1ja lesz a Wizznek, hiszen a magyar fapados is nemr\u00e9g jelentette be, hogy tavaszt\u00f3l rep\u00fclni fogja a d\u00e9l-olasz desztin\u00e1ci\u00f3t.<\/p>\n\n\n<div class=\"wp-block-image\">\n<figure class=\"aligncenter size-large is-resized\"><img loading=\"lazy\" decoding=\"async\" width=\"1024\" height=\"577\" src=\"https:\/\/filleresutak.hu\/wp-content\/uploads\/2025\/12\/image-31-1024x577.png\" alt=\"\" class=\"wp-image-13193\" style=\"aspect-ratio:1.774726000264096;width:659px;height:auto\" srcset=\"https:\/\/filleresutak.hu\/wp-content\/uploads\/2025\/12\/image-31-1024x577.png 1024w, https:\/\/filleresutak.hu\/wp-content\/uploads\/2025\/12\/image-31-300x169.png 300w, https:\/\/filleresutak.hu\/wp-content\/uploads\/2025\/12\/image-31-768x433.png 768w, https:\/\/filleresutak.hu\/wp-content\/uploads\/2025\/12\/image-31.png 1280w\" sizes=\"auto, (max-width: 1024px) 100vw, 1024px\" \/><figcaption class=\"wp-element-caption\"><em>V\u00e1rhat\u00f3an eg\u00e9sz \u00e9vben lesznek olcs\u00f3 repjegyek D\u00e9l-Olaszorsz\u00e1gba.<\/em><\/figcaption><\/figure>\n<\/div>\n\n\n<p>Ma d\u00e9lel\u0151tt pedig a Wizz Air jelentette be, hogy n\u00e9mi korm\u00e1nyzati h\u00e1tsz\u00e9llel T\u00f6r\u00f6korsz\u00e1g f\u0151v\u00e1ros\u00e1ba, Ankar\u00e1ba ind\u00edt j\u00e1ratokat Budapestr\u0151l. Az els\u0151 j\u00e1rat \u00e1prilis 29-\u00e9n indul, \u00e9s h\u00e9tf\u0151nk\u00e9nt, szerd\u00e1nk\u00e9nt \u00e9s p\u00e9ntekenk\u00e9nt lesz \u00f6sszek\u00f6ttet\u00e9s a k\u00e9t f\u0151v\u00e1ros k\u00f6z\u00f6tt.<\/p>\n\n\n<div class=\"wp-block-image\">\n<figure class=\"aligncenter size-large is-resized\"><img loading=\"lazy\" decoding=\"async\" width=\"1024\" height=\"682\" src=\"https:\/\/filleresutak.hu\/wp-content\/uploads\/2025\/12\/image-30-1024x682.png\" alt=\"\" class=\"wp-image-13192\" style=\"aspect-ratio:1.501508211373031;width:633px;height:auto\" srcset=\"https:\/\/filleresutak.hu\/wp-content\/uploads\/2025\/12\/image-30-1024x682.png 1024w, https:\/\/filleresutak.hu\/wp-content\/uploads\/2025\/12\/image-30-300x200.png 300w, https:\/\/filleresutak.hu\/wp-content\/uploads\/2025\/12\/image-30-768x512.png 768w, https:\/\/filleresutak.hu\/wp-content\/uploads\/2025\/12\/image-30.png 1280w\" sizes=\"auto, (max-width: 1024px) 100vw, 1024px\" \/><figcaption class=\"wp-element-caption\"><em>Atat\u00fcrk mauz\u00f3leuma Ankara egyik f\u0151 l\u00e1tnival\u00f3ja.<\/em><\/figcaption><\/figure>\n<\/div>\n\n\n<script async src=\"https:\/\/pagead2.googlesyndication.com\/pagead\/js\/adsbygoogle.js?client=ca-pub-6182660024633786\"\n     crossorigin=\"anonymous\"><\/script>\n<!-- widget h\u00edrdet\u00e9s -->\n<ins class=\"adsbygoogle\"\n     style=\"display:block\"\n     data-ad-client=\"ca-pub-6182660024633786\"\n     data-ad-slot=\"4516046309\"\n     data-ad-format=\"auto\"\n     data-full-width-responsive=\"true\"><\/ins>\n<script>\n       (adsbygoogle = window.adsbygoogle || []).push({});\n<\/script>\n","protected":false},"excerpt":{"rendered":"<p>Az elm\u00falt napokban 2 \u00faj budapesti j\u00e1rat is bejelent\u00e9sre ker\u00fclt a k\u00e9t nagy fapados r\u00e9sz\u00e9r\u0151l.<\/p>\n","protected":false},"author":1,"featured_media":13192,"comment_status":"closed","ping_status":"open","sticky":false,"template":"","format":"standard","meta":{"footnotes":""},"categories":[6],"tags":[],"class_list":["post-13191","post","type-post","status-publish","format-standard","has-post-thumbnail","hentry","category-blog"],"_links":{"self":[{"href":"https:\/\/filleresutak.hu\/index.php?rest_route=\/wp\/v2\/posts\/13191","targetHints":{"allow":["GET"]}}],"collection":[{"href":"https:\/\/filleresutak.hu\/index.php?rest_route=\/wp\/v2\/posts"}],"about":[{"href":"https:\/\/filleresutak.hu\/index.php?rest_route=\/wp\/v2\/types\/post"}],"author":[{"embeddable":true,"href":"https:\/\/filleresutak.hu\/index.php?rest_route=\/wp\/v2\/users\/1"}],"replies":[{"embeddable":true,"href":"https:\/\/filleresutak.hu\/index.php?rest_route=%2Fwp%2Fv2%2Fcomments&post=13191"}],"version-history":[{"count":1,"href":"https:\/\/filleresutak.hu\/index.php?rest_route=\/wp\/v2\/posts\/13191\/revisions"}],"predecessor-version":[{"id":13194,"href":"https:\/\/filleresutak.hu\/index.php?rest_route=\/wp\/v2\/posts\/13191\/revisions\/13194"}],"wp:featuredmedia":[{"embeddable":true,"href":"https:\/\/filleresutak.hu\/index.php?rest_route=\/wp\/v2\/media\/13192"}],"wp:attachment":[{"href":"https:\/\/filleresutak.hu\/index.php?rest_route=%2Fwp%2Fv2%2Fmedia&parent=13191"}],"wp:term":[{"taxonomy":"category","embeddable":true,"href":"https:\/\/filleresutak.hu\/index.php?rest_route=%2Fwp%2Fv2%2Fcategories&post=13191"},{"taxonomy":"post_tag","embeddable":true,"href":"https:\/\/filleresutak.hu\/index.php?rest_route=%2Fwp%2Fv2%2Ftags&post=13191"}],"curies":[{"name":"wp","href":"https:\/\/api.w.org\/{rel}","templated":true}]}}