{"id":1321,"date":"2023-03-13T20:50:53","date_gmt":"2023-03-13T20:50:53","guid":{"rendered":"http:\/\/filleresutak.hu\/?p=1321"},"modified":"2023-03-13T20:50:54","modified_gmt":"2023-03-13T20:50:54","slug":"visszatert-az-air-serbia-budapestre","status":"publish","type":"post","link":"https:\/\/filleresutak.hu\/?p=1321","title":{"rendered":"Visszat\u00e9rt az Air Serbia Budapestre"},"content":{"rendered":"\n<p>Egy hosszabb kihagy\u00e1s ut\u00e1n ism\u00e9t k\u00f6zvetlen\u00fcl rep\u00fclhet\u00fcnk Budapestr\u0151l Belgr\u00e1dba az Air Serbia j\u00e1ratainak k\u00f6sz\u00f6nhet\u0151en. <\/p>\n\n\n\n<p>Az els\u0151 j\u00e1rat a mai napon sz\u00e1llt fel, r\u00f6videsen pedig m\u00e1r heti 17 j\u00e1ratot fog \u00fczemeltetni a szerb nemzeti l\u00e9git\u00e1rsas\u00e1g a k\u00e9t f\u0151v\u00e1ros k\u00f6z\u00f6tt. <\/p>\n\n\n\n<p>A j\u00e1ratok \u00e1tsz\u00e1ll\u00e1si lehet\u0151s\u00e9get biztos\u00edtanak kedvelt nyaral\u00f3helyekre, a tengeren t\u00falra, s\u0151t,  m\u00e9g Oroszorsz\u00e1g fel\u00e9 is, ahov\u00e1 jelenleg az Eur\u00f3pai Uni\u00f3 ter\u00fclet\u00e9r\u0151l nem lehet k\u00f6zvetlen j\u00e1ratot m\u0171k\u00f6dtetni.  <\/p>\n\n\n\n<p>Akit \u00e9rdekel, <a href=\"https:\/\/www.airserbia.com\/en\/\" target=\"_blank\" rel=\"noreferrer noopener\">ITT<\/a> \u00e9rheti el az Air Serbia weboldal\u00e1t. <\/p>\n\n\n\n<p>(k\u00e9p: Air Serbia Facebook-oldala)<\/p>\n","protected":false},"excerpt":{"rendered":"<p>Egy hosszabb kihagy\u00e1s ut\u00e1n ism\u00e9t k\u00f6zvetlen\u00fcl rep\u00fclhet\u00fcnk Budapestr\u0151l Belgr\u00e1dba az Air Serbia j\u00e1ratainak k\u00f6sz\u00f6nhet\u0151en. Az<\/p>\n","protected":false},"author":1,"featured_media":1322,"comment_status":"closed","ping_status":"open","sticky":false,"template":"","format":"standard","meta":{"footnotes":""},"categories":[6],"tags":[],"class_list":["post-1321","post","type-post","status-publish","format-standard","has-post-thumbnail","hentry","category-blog"],"_links":{"self":[{"href":"https:\/\/filleresutak.hu\/index.php?rest_route=\/wp\/v2\/posts\/1321","targetHints":{"allow":["GET"]}}],"collection":[{"href":"https:\/\/filleresutak.hu\/index.php?rest_route=\/wp\/v2\/posts"}],"about":[{"href":"https:\/\/filleresutak.hu\/index.php?rest_route=\/wp\/v2\/types\/post"}],"author":[{"embeddable":true,"href":"https:\/\/filleresutak.hu\/index.php?rest_route=\/wp\/v2\/users\/1"}],"replies":[{"embeddable":true,"href":"https:\/\/filleresutak.hu\/index.php?rest_route=%2Fwp%2Fv2%2Fcomments&post=1321"}],"version-history":[{"count":1,"href":"https:\/\/filleresutak.hu\/index.php?rest_route=\/wp\/v2\/posts\/1321\/revisions"}],"predecessor-version":[{"id":1323,"href":"https:\/\/filleresutak.hu\/index.php?rest_route=\/wp\/v2\/posts\/1321\/revisions\/1323"}],"wp:featuredmedia":[{"embeddable":true,"href":"https:\/\/filleresutak.hu\/index.php?rest_route=\/wp\/v2\/media\/1322"}],"wp:attachment":[{"href":"https:\/\/filleresutak.hu\/index.php?rest_route=%2Fwp%2Fv2%2Fmedia&parent=1321"}],"wp:term":[{"taxonomy":"category","embeddable":true,"href":"https:\/\/filleresutak.hu\/index.php?rest_route=%2Fwp%2Fv2%2Fcategories&post=1321"},{"taxonomy":"post_tag","embeddable":true,"href":"https:\/\/filleresutak.hu\/index.php?rest_route=%2Fwp%2Fv2%2Ftags&post=1321"}],"curies":[{"name":"wp","href":"https:\/\/api.w.org\/{rel}","templated":true}]}}