{"id":1666,"date":"2023-04-08T08:10:55","date_gmt":"2023-04-08T08:10:55","guid":{"rendered":"http:\/\/filleresutak.hu\/?p=1666"},"modified":"2023-04-08T08:12:06","modified_gmt":"2023-04-08T08:12:06","slug":"2-napig-ingyen-betekinthetsz-budapest-titokzatos-viztarolojaba","status":"publish","type":"post","link":"https:\/\/filleresutak.hu\/?p=1666","title":{"rendered":"2 napig ingyen betekinthetsz Budapest titokzatos v\u00edzt\u00e1rol\u00f3j\u00e1ba"},"content":{"rendered":"\n<p>Egy ny\u00edlt nap keret\u00e9ben, \u00e1prilis 21-22-\u00e9n megnyitj\u00e1k a Gell\u00e9rthegyi Gruber J\u00f3zsef v\u00edzt\u00e1rol\u00f3t, amely Budapest legnagyobb v\u00edzt\u00e1roz\u00f3 medenc\u00e9je. A v\u00edzt\u00e1rol\u00f3 a f\u00f6ld alatt, a Hegyalja \u00fat, S\u00e1nc utca, Orom utca \u00e1ltal hat\u00e1rolt ter\u00fcleten helyezkedik el, t\u00e1rol\u00f3kapacit\u00e1sa 2*40000 k\u00f6bm\u00e9ter. A medenc\u00e9k f\u00f6d\u00e9mszerkezet\u00e9t \u00f6sszesen 212 darab pill\u00e9r tartja, amelyek miatt eg\u00e9szen k\u00fcl\u00f6nleges l\u00e1tv\u00e1nyt ny\u00fajt.<\/p>\n\n\n\n<p>A F\u0151v\u00e1rosi V\u00edzm\u0171vek <a href=\"https:\/\/www.facebook.com\/fovarosivizmuvek\/posts\/789021545540996:789021545540996?__cft__[0]=AZWLpPooJf6watlwSf5Bf39zA87RWziNQV4-eySPSkTW81W6mHU8UrlCDW_654SCA1aZXOFPJgvL5LWNlxrEyMwbcSuczOP5BI3qhbT6MZctEy-8I8_J4Ihd9OwD4TNM5Jn36MxMAd9UFnKYdD1brNw4hMzdmiNYPqFOSHeET4rfcSCXqWj12jF6rwUoSWl6tkS11GGEPCXSDeEmppG-5-eY&amp;__tn__=%2CO%2CP-R\" data-type=\"URL\" data-id=\"https:\/\/www.facebook.com\/fovarosivizmuvek\/posts\/789021545540996:789021545540996?__cft__[0]=AZWLpPooJf6watlwSf5Bf39zA87RWziNQV4-eySPSkTW81W6mHU8UrlCDW_654SCA1aZXOFPJgvL5LWNlxrEyMwbcSuczOP5BI3qhbT6MZctEy-8I8_J4Ihd9OwD4TNM5Jn36MxMAd9UFnKYdD1brNw4hMzdmiNYPqFOSHeET4rfcSCXqWj12jF6rwUoSWl6tkS11GGEPCXSDeEmppG-5-eY&amp;__tn__=%2CO%2CP-R\" target=\"_blank\" rel=\"noreferrer noopener\">t\u00e1j\u00e9koztat\u00e1sa<\/a> szerint a megtekint\u00e9shez regisztr\u00e1ci\u00f3 sz\u00fcks\u00e9ges, amely \u00e1prilis 12-\u00e9n kezd\u0151dik. A regisztr\u00e1ci\u00f3s link a <a href=\"https:\/\/vizmuvek.hu\/hu\/kezdolap\/ugyintezes\" data-type=\"URL\" data-id=\"https:\/\/vizmuvek.hu\/hu\/kezdolap\/ugyintezes\" target=\"_blank\" rel=\"noreferrer noopener\">www.vizmuvek.hu<\/a> oldalon lesz el\u00e9rhet\u0151 \u00e1prilis 12-\u00e9n.<\/p>\n\n\n\n<p class=\"has-small-font-size\">(<a rel=\"noreferrer noopener\" href=\"https:\/\/hu.wikipedia.org\/wiki\/Gell%C3%A9rthegyi_v%C3%ADzt%C3%A1rol%C3%B3\" data-type=\"URL\" data-id=\"https:\/\/hu.wikipedia.org\/wiki\/Gell%C3%A9rthegyi_v%C3%ADzt%C3%A1rol%C3%B3\" target=\"_blank\">bor\u00edt\u00f3k\u00e9p<\/a>)<\/p>\n\n\n\n<p class=\"has-text-align-left\"><strong>Ne maradj le egyetlen programaj\u00e1nlatunkr\u00f3l sem!<\/strong><\/p>\n\n\n\n<p class=\"has-text-align-left\"><strong>K\u00f6vess minket a Facebookon is!<\/strong><\/p>\n\n\n\n<div id=\"fb-root\"><\/div>\n<script async=\"\" defer=\"\" crossorigin=\"anonymous\" src=\"https:\/\/connect.facebook.net\/hu_HU\/sdk.js#xfbml=1&amp;version=v14.0\" nonce=\"GepTk1Qs\"><\/script>\n<div class=\"fb-page\" data-href=\"https:\/\/www.facebook.com\/filleresutak\/\" data-tabs=\"timeline\" data-width=\"\" data-height=\"\" data-small-header=\"false\" data-adapt-container-width=\"true\" data-hide-cover=\"false\" data-show-facepile=\"true\"><blockquote cite=\"https:\/\/www.facebook.com\/filleresutak\/\" class=\"fb-xfbml-parse-ignore\"><a href=\"https:\/\/www.facebook.com\/filleresutak\/\">Fill\u00e9res utak<\/a><\/blockquote><\/div>\n\n\n\n<p class=\"has-text-align-center\"><\/p>\n","protected":false},"excerpt":{"rendered":"<p>Egy ny\u00edlt nap keret\u00e9ben, \u00e1prilis 21-22-\u00e9n megnyitj\u00e1k a Gell\u00e9rthegyi Gruber J\u00f3zsef v\u00edzt\u00e1rol\u00f3t, amely Budapest legnagyobb<\/p>\n","protected":false},"author":1,"featured_media":1667,"comment_status":"closed","ping_status":"open","sticky":false,"template":"","format":"standard","meta":{"footnotes":""},"categories":[11],"tags":[],"class_list":["post-1666","post","type-post","status-publish","format-standard","has-post-thumbnail","hentry","category-programajanlo-ingyenes-programok"],"_links":{"self":[{"href":"https:\/\/filleresutak.hu\/index.php?rest_route=\/wp\/v2\/posts\/1666","targetHints":{"allow":["GET"]}}],"collection":[{"href":"https:\/\/filleresutak.hu\/index.php?rest_route=\/wp\/v2\/posts"}],"about":[{"href":"https:\/\/filleresutak.hu\/index.php?rest_route=\/wp\/v2\/types\/post"}],"author":[{"embeddable":true,"href":"https:\/\/filleresutak.hu\/index.php?rest_route=\/wp\/v2\/users\/1"}],"replies":[{"embeddable":true,"href":"https:\/\/filleresutak.hu\/index.php?rest_route=%2Fwp%2Fv2%2Fcomments&post=1666"}],"version-history":[{"count":2,"href":"https:\/\/filleresutak.hu\/index.php?rest_route=\/wp\/v2\/posts\/1666\/revisions"}],"predecessor-version":[{"id":1669,"href":"https:\/\/filleresutak.hu\/index.php?rest_route=\/wp\/v2\/posts\/1666\/revisions\/1669"}],"wp:featuredmedia":[{"embeddable":true,"href":"https:\/\/filleresutak.hu\/index.php?rest_route=\/wp\/v2\/media\/1667"}],"wp:attachment":[{"href":"https:\/\/filleresutak.hu\/index.php?rest_route=%2Fwp%2Fv2%2Fmedia&parent=1666"}],"wp:term":[{"taxonomy":"category","embeddable":true,"href":"https:\/\/filleresutak.hu\/index.php?rest_route=%2Fwp%2Fv2%2Fcategories&post=1666"},{"taxonomy":"post_tag","embeddable":true,"href":"https:\/\/filleresutak.hu\/index.php?rest_route=%2Fwp%2Fv2%2Ftags&post=1666"}],"curies":[{"name":"wp","href":"https:\/\/api.w.org\/{rel}","templated":true}]}}