{"id":621,"date":"2022-11-16T18:30:55","date_gmt":"2022-11-16T18:30:55","guid":{"rendered":"http:\/\/filleresutak.hu\/?p=621"},"modified":"2022-11-16T18:30:56","modified_gmt":"2022-11-16T18:30:56","slug":"ejszakankent-17-900-forintert-foglalhatsz-ketagyas-szobat-reggelivel-szombathelyen","status":"publish","type":"post","link":"https:\/\/filleresutak.hu\/?p=621","title":{"rendered":"\u00c9jszak\u00e1nk\u00e9nt 17.900 Forint\u00e9rt foglalhatsz k\u00e9t\u00e1gyas szob\u00e1t reggelivel Szombathelyen"},"content":{"rendered":"\n<p>\u00c9jszak\u00e1nk\u00e9nt 17.900 Forint\u00e9rt foglalhatsz a j\u00f6v\u0151 \u00e9vre szob\u00e1t a nagyon j\u00f3 \u00e9rt\u00e9kel\u00e9s\u0171 h\u00e1romcsillagos Garda Hotelbe. A hotel Szombathely belv\u00e1ros\u00e1nak k\u00f6zel\u00e9ben, a t\u00f3f\u00fcrd\u0151 mellett tal\u00e1lhat\u00f3.<\/p>\n\n\n\n<p>P\u00e9lda d\u00e1tum: 2023. j\u00falius 7-9.(p\u00e9ntek-vas\u00e1rnap), 2 f\u0151nek 2 \u00e9jszaka 35.800 Ft. <strong><a href=\"https:\/\/szallas.hu\/garda-hotel-szombathely?checkin=2023-07-07&amp;checkout=2023-07-09&amp;ref=list&amp;adults=2&amp;provision=2&amp;listIndex=35&amp;roomtypes=1650041:758364:2\" data-type=\"URL\" data-id=\"https:\/\/szallas.hu\/garda-hotel-szombathely?checkin=2023-07-07&amp;checkout=2023-07-09&amp;ref=list&amp;adults=2&amp;provision=2&amp;listIndex=35&amp;roomtypes=1650041:758364:2\" target=\"_blank\" rel=\"noreferrer noopener\">Foglal\u00e1s ITT<\/a><\/strong><\/p>\n\n\n\n<figure class=\"wp-block-image size-large\"><img loading=\"lazy\" decoding=\"async\" width=\"1024\" height=\"657\" src=\"http:\/\/filleresutak.hu\/wp-content\/uploads\/2022\/11\/image-4-1024x657.png\" alt=\"\" class=\"wp-image-622\" srcset=\"https:\/\/filleresutak.hu\/wp-content\/uploads\/2022\/11\/image-4-1024x657.png 1024w, https:\/\/filleresutak.hu\/wp-content\/uploads\/2022\/11\/image-4-300x193.png 300w, https:\/\/filleresutak.hu\/wp-content\/uploads\/2022\/11\/image-4-768x493.png 768w, https:\/\/filleresutak.hu\/wp-content\/uploads\/2022\/11\/image-4-93x60.png 93w, https:\/\/filleresutak.hu\/wp-content\/uploads\/2022\/11\/image-4.png 1204w\" sizes=\"auto, (max-width: 1024px) 100vw, 1024px\" \/><\/figure>\n","protected":false},"excerpt":{"rendered":"<p>\u00c9jszak\u00e1nk\u00e9nt 17.900 Forint\u00e9rt foglalhatsz a j\u00f6v\u0151 \u00e9vre szob\u00e1t a nagyon j\u00f3 \u00e9rt\u00e9kel\u00e9s\u0171 h\u00e1romcsillagos Garda Hotelbe.<\/p>\n","protected":false},"author":1,"featured_media":623,"comment_status":"open","ping_status":"open","sticky":false,"template":"","format":"standard","meta":{"footnotes":""},"categories":[4],"tags":[],"class_list":["post-621","post","type-post","status-publish","format-standard","has-post-thumbnail","hentry","category-belfold"],"_links":{"self":[{"href":"https:\/\/filleresutak.hu\/index.php?rest_route=\/wp\/v2\/posts\/621","targetHints":{"allow":["GET"]}}],"collection":[{"href":"https:\/\/filleresutak.hu\/index.php?rest_route=\/wp\/v2\/posts"}],"about":[{"href":"https:\/\/filleresutak.hu\/index.php?rest_route=\/wp\/v2\/types\/post"}],"author":[{"embeddable":true,"href":"https:\/\/filleresutak.hu\/index.php?rest_route=\/wp\/v2\/users\/1"}],"replies":[{"embeddable":true,"href":"https:\/\/filleresutak.hu\/index.php?rest_route=%2Fwp%2Fv2%2Fcomments&post=621"}],"version-history":[{"count":1,"href":"https:\/\/filleresutak.hu\/index.php?rest_route=\/wp\/v2\/posts\/621\/revisions"}],"predecessor-version":[{"id":624,"href":"https:\/\/filleresutak.hu\/index.php?rest_route=\/wp\/v2\/posts\/621\/revisions\/624"}],"wp:featuredmedia":[{"embeddable":true,"href":"https:\/\/filleresutak.hu\/index.php?rest_route=\/wp\/v2\/media\/623"}],"wp:attachment":[{"href":"https:\/\/filleresutak.hu\/index.php?rest_route=%2Fwp%2Fv2%2Fmedia&parent=621"}],"wp:term":[{"taxonomy":"category","embeddable":true,"href":"https:\/\/filleresutak.hu\/index.php?rest_route=%2Fwp%2Fv2%2Fcategories&post=621"},{"taxonomy":"post_tag","embeddable":true,"href":"https:\/\/filleresutak.hu\/index.php?rest_route=%2Fwp%2Fv2%2Ftags&post=621"}],"curies":[{"name":"wp","href":"https:\/\/api.w.org\/{rel}","templated":true}]}}