{"id":7369,"date":"2024-07-04T13:54:23","date_gmt":"2024-07-04T13:54:23","guid":{"rendered":"https:\/\/filleresutak.hu\/?p=7369"},"modified":"2024-07-04T13:59:06","modified_gmt":"2024-07-04T13:59:06","slug":"uj-jaratot-jelentett-be-budapestrol-a-wizz-air","status":"publish","type":"post","link":"https:\/\/filleresutak.hu\/?p=7369","title":{"rendered":"\u00daj j\u00e1ratot jelentett be Budapestr\u0151l a Wizz Air"},"content":{"rendered":"\n<script async src=\"https:\/\/pagead2.googlesyndication.com\/pagead\/js\/adsbygoogle.js?client=ca-pub-6182660024633786\"\n     crossorigin=\"anonymous\"><\/script>\n<!-- widget h\u00edrdet\u00e9s -->\n<ins class=\"adsbygoogle\"\n     style=\"display:block\"\n     data-ad-client=\"ca-pub-6182660024633786\"\n     data-ad-slot=\"4516046309\"\n     data-ad-format=\"auto\"\n     data-full-width-responsive=\"true\"><\/ins>\n<script>\n       (adsbygoogle = window.adsbygoogle || []).push({});\n<\/script>\n\n\n\n<p>A Wizz Air \u00faj &#8211; menetrend szerint k\u00f6zleked\u0151 &#8211; j\u00e1ratot ind\u00edt Budapestr\u0151l a Kan\u00e1ri-szigetekre, Gran Canari\u00e1ra. Az els\u0151 j\u00e1rat okt\u00f3ber 22-\u00e9n sz\u00e1ll fel \u00e9s hetente k\u00e9t alkalommal (kedden \u00e9s szombaton) k\u00f6zlekedik majd.<\/p>\n\n\n<div class=\"wp-block-image\">\n<figure class=\"aligncenter size-large\"><img loading=\"lazy\" decoding=\"async\" width=\"1024\" height=\"682\" src=\"https:\/\/filleresutak.hu\/wp-content\/uploads\/2024\/07\/image-20-1024x682.png\" alt=\"\" class=\"wp-image-7373\" srcset=\"https:\/\/filleresutak.hu\/wp-content\/uploads\/2024\/07\/image-20-1024x682.png 1024w, https:\/\/filleresutak.hu\/wp-content\/uploads\/2024\/07\/image-20-300x200.png 300w, https:\/\/filleresutak.hu\/wp-content\/uploads\/2024\/07\/image-20-768x512.png 768w, https:\/\/filleresutak.hu\/wp-content\/uploads\/2024\/07\/image-20.png 1280w\" sizes=\"auto, (max-width: 1024px) 100vw, 1024px\" \/><figcaption class=\"wp-element-caption\">Gran Canaria t\u00e9len is n\u00e9pszer\u0171 \u00fcd\u00fcl\u0151hely.<\/figcaption><\/figure>\n<\/div>\n\n\n<p>Gran Canari\u00e1ra a Ryanair is m\u0171k\u00f6dtet a t\u00e9li menetrendben heti 3 j\u00e1ratot, \u00edgy b\u00edzunk benne, hogy \u00e1rverseny fog kialakulni, ez\u00e1ltal pedig olcs\u00f3bban rep\u00fclhet\u00fcnk a n\u00e9pszer\u0171 szigetre.<\/p>\n\n\n\n<script async src=\"https:\/\/pagead2.googlesyndication.com\/pagead\/js\/adsbygoogle.js?client=ca-pub-6182660024633786\"\n     crossorigin=\"anonymous\"><\/script>\n<!-- widget h\u00edrdet\u00e9s -->\n<ins class=\"adsbygoogle\"\n     style=\"display:block\"\n     data-ad-client=\"ca-pub-6182660024633786\"\n     data-ad-slot=\"4516046309\"\n     data-ad-format=\"auto\"\n     data-full-width-responsive=\"true\"><\/ins>\n<script>\n       (adsbygoogle = window.adsbygoogle || []).push({});\n<\/script>\n","protected":false},"excerpt":{"rendered":"<p>A Wizz Air \u00faj &#8211; menetrend szerint k\u00f6zleked\u0151 &#8211; j\u00e1ratot ind\u00edt Budapestr\u0151l a Kan\u00e1ri-szigetekre, Gran<\/p>\n","protected":false},"author":1,"featured_media":7370,"comment_status":"closed","ping_status":"open","sticky":false,"template":"","format":"standard","meta":{"footnotes":""},"categories":[6],"tags":[],"class_list":["post-7369","post","type-post","status-publish","format-standard","has-post-thumbnail","hentry","category-blog"],"_links":{"self":[{"href":"https:\/\/filleresutak.hu\/index.php?rest_route=\/wp\/v2\/posts\/7369","targetHints":{"allow":["GET"]}}],"collection":[{"href":"https:\/\/filleresutak.hu\/index.php?rest_route=\/wp\/v2\/posts"}],"about":[{"href":"https:\/\/filleresutak.hu\/index.php?rest_route=\/wp\/v2\/types\/post"}],"author":[{"embeddable":true,"href":"https:\/\/filleresutak.hu\/index.php?rest_route=\/wp\/v2\/users\/1"}],"replies":[{"embeddable":true,"href":"https:\/\/filleresutak.hu\/index.php?rest_route=%2Fwp%2Fv2%2Fcomments&post=7369"}],"version-history":[{"count":3,"href":"https:\/\/filleresutak.hu\/index.php?rest_route=\/wp\/v2\/posts\/7369\/revisions"}],"predecessor-version":[{"id":7375,"href":"https:\/\/filleresutak.hu\/index.php?rest_route=\/wp\/v2\/posts\/7369\/revisions\/7375"}],"wp:featuredmedia":[{"embeddable":true,"href":"https:\/\/filleresutak.hu\/index.php?rest_route=\/wp\/v2\/media\/7370"}],"wp:attachment":[{"href":"https:\/\/filleresutak.hu\/index.php?rest_route=%2Fwp%2Fv2%2Fmedia&parent=7369"}],"wp:term":[{"taxonomy":"category","embeddable":true,"href":"https:\/\/filleresutak.hu\/index.php?rest_route=%2Fwp%2Fv2%2Fcategories&post=7369"},{"taxonomy":"post_tag","embeddable":true,"href":"https:\/\/filleresutak.hu\/index.php?rest_route=%2Fwp%2Fv2%2Ftags&post=7369"}],"curies":[{"name":"wp","href":"https:\/\/api.w.org\/{rel}","templated":true}]}}