{"id":7476,"date":"2024-07-11T20:23:47","date_gmt":"2024-07-11T20:23:47","guid":{"rendered":"https:\/\/filleresutak.hu\/?p=7476"},"modified":"2024-07-11T20:31:37","modified_gmt":"2024-07-11T20:31:37","slug":"megolvadt-a-futopalya-egy-hetre-bezar-a-debrecen-airport","status":"publish","type":"post","link":"https:\/\/filleresutak.hu\/?p=7476","title":{"rendered":"Megolvadt a fut\u00f3p\u00e1lya? Egy h\u00e9tre bez\u00e1r a Debrecen Airport!"},"content":{"rendered":"\n<script async src=\"https:\/\/pagead2.googlesyndication.com\/pagead\/js\/adsbygoogle.js?client=ca-pub-6182660024633786\"\n     crossorigin=\"anonymous\"><\/script>\n<!-- widget h\u00edrdet\u00e9s -->\n<ins class=\"adsbygoogle\"\n     style=\"display:block\"\n     data-ad-client=\"ca-pub-6182660024633786\"\n     data-ad-slot=\"4516046309\"\n     data-ad-format=\"auto\"\n     data-full-width-responsive=\"true\"><\/ins>\n<script>\n       (adsbygoogle = window.adsbygoogle || []).push({});\n<\/script>\n\n\n\n<p>Cs\u00fct\u00f6rt\u00f6k\u00f6n a k\u00e9s\u0151 esti \u00f3r\u00e1kban egy k\u00f6zlem\u00e9ny jelent meg a Debrecen Airport oldal\u00e1n, amelyben tudatj\u00e1k, hogy a mai napon a tart\u00f3san magas h\u0151m\u00e9rs\u00e9klet miatt olyan hiba keletkezett a rep\u00fcl\u0151t\u00e9r fut\u00f3p\u00e1ly\u00e1j\u00e1n, amely miatt azonnali hat\u00e1llyal le kellett \u00e1ll\u00edtani a rep\u00fcl\u0151t\u00e9r m\u0171k\u00f6d\u00e9s\u00e9t. A hiba kijav\u00edt\u00e1sa a <a href=\"https:\/\/www.facebook.com\/debrecenairport\/posts\/pfbid05YuweSVvchDrnNPxUNU3zpreRS4EzemA8ePFvEMnnT3Bp3fM4xsmq4RKMswK3irUl\" data-type=\"link\" data-id=\"https:\/\/www.facebook.com\/debrecenairport\/posts\/pfbid05YuweSVvchDrnNPxUNU3zpreRS4EzemA8ePFvEMnnT3Bp3fM4xsmq4RKMswK3irUl\">k\u00f6zlem\u00e9ny szerint<\/a> legal\u00e1bb egy hetet fog ig\u00e9nybe venni, sem a menetrend szerinti Wizz Air g\u00e9pek, sem pedig a charterj\u00e1ratok nem fognak tudni felsz\u00e1llni a rep\u00fcl\u0151t\u00e9rr\u0151l. Az esti Eindhoven-Debrecen j\u00e1rat Budapesten sz\u00e1llt le, azonban k\u00e9rd\u00e9ses, hogy az \u00edgy is t\u00falterhelt Budapest Airport \u00e1t tudja-e venni a debreceni j\u00e1ratokat.<\/p>\n\n\n<div class=\"wp-block-image\">\n<figure class=\"aligncenter size-large\"><img loading=\"lazy\" decoding=\"async\" width=\"1024\" height=\"576\" src=\"https:\/\/filleresutak.hu\/wp-content\/uploads\/2024\/07\/image-49-1024x576.png\" alt=\"\" class=\"wp-image-7480\" srcset=\"https:\/\/filleresutak.hu\/wp-content\/uploads\/2024\/07\/image-49-1024x576.png 1024w, https:\/\/filleresutak.hu\/wp-content\/uploads\/2024\/07\/image-49-300x169.png 300w, https:\/\/filleresutak.hu\/wp-content\/uploads\/2024\/07\/image-49-768x432.png 768w, https:\/\/filleresutak.hu\/wp-content\/uploads\/2024\/07\/image-49-1536x864.png 1536w, https:\/\/filleresutak.hu\/wp-content\/uploads\/2024\/07\/image-49.png 1800w\" sizes=\"auto, (max-width: 1024px) 100vw, 1024px\" \/><figcaption class=\"wp-element-caption\">(<a href=\"https:\/\/www.facebook.com\/debrecenairport\" data-type=\"link\" data-id=\"https:\/\/www.facebook.com\/debrecenairport\" target=\"_blank\" rel=\"noreferrer noopener\">K\u00e9p<\/a>)<\/figcaption><\/figure>\n<\/div>\n\n\n<p>Aki a k\u00f6vetkez\u0151 id\u0151szakban utazna Debrecenb\u0151l, az mindenk\u00e9pp \u00e9rdekl\u0151dj\u00f6n a l\u00e9git\u00e1rsas\u00e1gokn\u00e1l vagy az utaz\u00e1si irod\u00e1kn\u00e1l!<\/p>\n\n\n\n<p class=\"has-small-font-size\"><em>(Bor\u00edt\u00f3k\u00e9p: illusztr\u00e1ci\u00f3, Pixabay)<\/em><\/p>\n\n\n\n<script async src=\"https:\/\/pagead2.googlesyndication.com\/pagead\/js\/adsbygoogle.js?client=ca-pub-6182660024633786\"\n     crossorigin=\"anonymous\"><\/script>\n<!-- widget h\u00edrdet\u00e9s -->\n<ins class=\"adsbygoogle\"\n     style=\"display:block\"\n     data-ad-client=\"ca-pub-6182660024633786\"\n     data-ad-slot=\"4516046309\"\n     data-ad-format=\"auto\"\n     data-full-width-responsive=\"true\"><\/ins>\n<script>\n       (adsbygoogle = window.adsbygoogle || []).push({});\n<\/script>\n","protected":false},"excerpt":{"rendered":"<p>Cs\u00fct\u00f6rt\u00f6k\u00f6n a k\u00e9s\u0151 esti \u00f3r\u00e1kban egy k\u00f6zlem\u00e9ny jelent meg a Debrecen Airport oldal\u00e1n, amelyben tudatj\u00e1k,<\/p>\n","protected":false},"author":1,"featured_media":7477,"comment_status":"closed","ping_status":"open","sticky":false,"template":"","format":"standard","meta":{"footnotes":""},"categories":[6],"tags":[],"class_list":["post-7476","post","type-post","status-publish","format-standard","has-post-thumbnail","hentry","category-blog"],"_links":{"self":[{"href":"https:\/\/filleresutak.hu\/index.php?rest_route=\/wp\/v2\/posts\/7476","targetHints":{"allow":["GET"]}}],"collection":[{"href":"https:\/\/filleresutak.hu\/index.php?rest_route=\/wp\/v2\/posts"}],"about":[{"href":"https:\/\/filleresutak.hu\/index.php?rest_route=\/wp\/v2\/types\/post"}],"author":[{"embeddable":true,"href":"https:\/\/filleresutak.hu\/index.php?rest_route=\/wp\/v2\/users\/1"}],"replies":[{"embeddable":true,"href":"https:\/\/filleresutak.hu\/index.php?rest_route=%2Fwp%2Fv2%2Fcomments&post=7476"}],"version-history":[{"count":3,"href":"https:\/\/filleresutak.hu\/index.php?rest_route=\/wp\/v2\/posts\/7476\/revisions"}],"predecessor-version":[{"id":7482,"href":"https:\/\/filleresutak.hu\/index.php?rest_route=\/wp\/v2\/posts\/7476\/revisions\/7482"}],"wp:featuredmedia":[{"embeddable":true,"href":"https:\/\/filleresutak.hu\/index.php?rest_route=\/wp\/v2\/media\/7477"}],"wp:attachment":[{"href":"https:\/\/filleresutak.hu\/index.php?rest_route=%2Fwp%2Fv2%2Fmedia&parent=7476"}],"wp:term":[{"taxonomy":"category","embeddable":true,"href":"https:\/\/filleresutak.hu\/index.php?rest_route=%2Fwp%2Fv2%2Fcategories&post=7476"},{"taxonomy":"post_tag","embeddable":true,"href":"https:\/\/filleresutak.hu\/index.php?rest_route=%2Fwp%2Fv2%2Ftags&post=7476"}],"curies":[{"name":"wp","href":"https:\/\/api.w.org\/{rel}","templated":true}]}}