{"id":7618,"date":"2024-07-25T11:10:11","date_gmt":"2024-07-25T11:10:11","guid":{"rendered":"https:\/\/filleresutak.hu\/?p=7618"},"modified":"2024-07-25T12:58:09","modified_gmt":"2024-07-25T12:58:09","slug":"breaking-3-uj-jaratot-jelentett-be-a-wizz-air-budapestrol","status":"publish","type":"post","link":"https:\/\/filleresutak.hu\/?p=7618","title":{"rendered":"BREAKING! 3 \u00faj j\u00e1ratot jelentett be a Wizz Air Budapestr\u0151l"},"content":{"rendered":"\n<script async src=\"https:\/\/pagead2.googlesyndication.com\/pagead\/js\/adsbygoogle.js?client=ca-pub-6182660024633786\"\n     crossorigin=\"anonymous\"><\/script>\n<!-- widget h\u00edrdet\u00e9s -->\n<ins class=\"adsbygoogle\"\n     style=\"display:block\"\n     data-ad-client=\"ca-pub-6182660024633786\"\n     data-ad-slot=\"4516046309\"\n     data-ad-format=\"auto\"\n     data-full-width-responsive=\"true\"><\/ins>\n<script>\n       (adsbygoogle = window.adsbygoogle || []).push({});\n<\/script>\n\n\n\n<p>A Wizz Air foglal\u00e1si rendszer\u00e9ben megjelent 3 \u00faj j\u00e1rat \u0151szt\u0151l, Budapestr\u0151l. Ezek k\u00f6z\u00f6tt szerepel a r\u00e9g\u00f3ta v\u00e1rt marokk\u00f3i j\u00e1rat Marr\u00e1kes \u00e9s Budapest k\u00f6z\u00f6tt amely keddenk\u00e9nt \u00e9s szombatonk\u00e9nt fog k\u00f6zlekedni okt\u00f3ber v\u00e9g\u00e9t\u0151l.<\/p>\n\n\n<div class=\"wp-block-image\">\n<figure class=\"aligncenter size-large\"><img loading=\"lazy\" decoding=\"async\" width=\"1024\" height=\"768\" src=\"https:\/\/filleresutak.hu\/wp-content\/uploads\/2024\/07\/image-95-1024x768.png\" alt=\"\" class=\"wp-image-7619\" srcset=\"https:\/\/filleresutak.hu\/wp-content\/uploads\/2024\/07\/image-95-1024x768.png 1024w, https:\/\/filleresutak.hu\/wp-content\/uploads\/2024\/07\/image-95-300x225.png 300w, https:\/\/filleresutak.hu\/wp-content\/uploads\/2024\/07\/image-95-768x576.png 768w, https:\/\/filleresutak.hu\/wp-content\/uploads\/2024\/07\/image-95.png 1280w\" sizes=\"auto, (max-width: 1024px) 100vw, 1024px\" \/><figcaption class=\"wp-element-caption\"><em>A vil\u00e1gh\u00edr\u0171 marr\u00e1kes-i baz\u00e1r. (k\u00e9p: Pixabay)<\/em><\/figcaption><\/figure>\n<\/div>\n\n\n<p>Szint\u00e9n szerepel az \u00faj \u0151szi\/t\u00e9li menetrendben a Budapest-Memmingen j\u00e1rat, amely els\u0151sorban a vend\u00e9gmunk\u00e1sokat fogja kiszolg\u00e1lni, de a heti 4 j\u00e1rat a turist\u00e1knak is remek lehet\u0151s\u00e9get ad a v\u00e1ros \u00e9s a k\u00f6rny\u00e9k felfedez\u00e9s\u00e9re.<\/p>\n\n\n<div class=\"wp-block-image\">\n<figure class=\"aligncenter size-large\"><img loading=\"lazy\" decoding=\"async\" width=\"1024\" height=\"768\" src=\"https:\/\/filleresutak.hu\/wp-content\/uploads\/2024\/07\/image-96-1024x768.png\" alt=\"\" class=\"wp-image-7620\" srcset=\"https:\/\/filleresutak.hu\/wp-content\/uploads\/2024\/07\/image-96-1024x768.png 1024w, https:\/\/filleresutak.hu\/wp-content\/uploads\/2024\/07\/image-96-300x225.png 300w, https:\/\/filleresutak.hu\/wp-content\/uploads\/2024\/07\/image-96-768x576.png 768w, https:\/\/filleresutak.hu\/wp-content\/uploads\/2024\/07\/image-96.png 1280w\" sizes=\"auto, (max-width: 1024px) 100vw, 1024px\" \/><figcaption class=\"wp-element-caption\"><em>A memmingen-i v\u00e1roh\u00e1za. (k\u00e9p: Pixabay)<\/em><\/figcaption><\/figure>\n<\/div>\n\n\n<p>Harmadikk\u00e9nt pedig, kellemes meglepet\u00e9sk\u00e9nt Genov\u00e1ba is rep\u00fclhet\u00fcnk Budapestr\u0151l \u0151szt\u0151l, heti 3 alkalommal, keddenk\u00e9nt, cs\u00fct\u00f6rt\u00f6k\u00f6nk\u00e9nt \u00e9s szombatonk\u00e9nt. Genov\u00e1ba tal\u00e1n m\u00e9g nem is volt k\u00f6zvetlen j\u00e1rat Budapestr\u0151l. V\u00e1rosn\u00e9z\u00e9shez is kiv\u00e1l\u00f3 \u00fati c\u00e9l Genova, emellett fontos el\u0151ny, hogy rengeteg nagy tengerj\u00e1r\u00f3 haj\u00f3 indul a v\u00e1ros kik\u00f6t\u0151j\u00e9b\u0151l.<\/p>\n\n\n<div class=\"wp-block-image\">\n<figure class=\"aligncenter size-large\"><img loading=\"lazy\" decoding=\"async\" width=\"1024\" height=\"682\" src=\"https:\/\/filleresutak.hu\/wp-content\/uploads\/2024\/07\/image-97-1024x682.png\" alt=\"\" class=\"wp-image-7621\" srcset=\"https:\/\/filleresutak.hu\/wp-content\/uploads\/2024\/07\/image-97-1024x682.png 1024w, https:\/\/filleresutak.hu\/wp-content\/uploads\/2024\/07\/image-97-300x200.png 300w, https:\/\/filleresutak.hu\/wp-content\/uploads\/2024\/07\/image-97-768x512.png 768w, https:\/\/filleresutak.hu\/wp-content\/uploads\/2024\/07\/image-97.png 1280w\" sizes=\"auto, (max-width: 1024px) 100vw, 1024px\" \/><figcaption class=\"wp-element-caption\"><em>Genova kik\u00f6t\u0151je (k\u00e9p:Pixabay)<\/em><\/figcaption><\/figure>\n<\/div>\n\n\n<p>Update: egy olvas\u00f3nk jelezte, hogy negyedik \u00faj j\u00e1ratk\u00e9nt Barcelona m\u00e1sodlagos rep\u00fcl\u0151ter\u00e9re, Giron\u00e1ba is ind\u00edt j\u00e1ratot a Wizz Air, \u00edgy Barcelona El Prat mellett Barcelona Girona rep\u00fcl\u0151t\u00e9r is el\u00e9rhet\u0151 lesz a t\u00e9li id\u0151szakban Budapestr\u0151l.<\/p>\n\n\n\n<script async src=\"https:\/\/pagead2.googlesyndication.com\/pagead\/js\/adsbygoogle.js?client=ca-pub-6182660024633786\"\n     crossorigin=\"anonymous\"><\/script>\n<!-- widget h\u00edrdet\u00e9s -->\n<ins class=\"adsbygoogle\"\n     style=\"display:block\"\n     data-ad-client=\"ca-pub-6182660024633786\"\n     data-ad-slot=\"4516046309\"\n     data-ad-format=\"auto\"\n     data-full-width-responsive=\"true\"><\/ins>\n<script>\n       (adsbygoogle = window.adsbygoogle || []).push({});\n<\/script>\n","protected":false},"excerpt":{"rendered":"<p>A Wizz Air foglal\u00e1si rendszer\u00e9ben megjelent 3 \u00faj j\u00e1rat \u0151szt\u0151l, Budapestr\u0151l. Ezek k\u00f6z\u00f6tt szerepel a<\/p>\n","protected":false},"author":1,"featured_media":7622,"comment_status":"closed","ping_status":"open","sticky":false,"template":"","format":"standard","meta":{"footnotes":""},"categories":[6],"tags":[],"class_list":["post-7618","post","type-post","status-publish","format-standard","has-post-thumbnail","hentry","category-blog"],"_links":{"self":[{"href":"https:\/\/filleresutak.hu\/index.php?rest_route=\/wp\/v2\/posts\/7618","targetHints":{"allow":["GET"]}}],"collection":[{"href":"https:\/\/filleresutak.hu\/index.php?rest_route=\/wp\/v2\/posts"}],"about":[{"href":"https:\/\/filleresutak.hu\/index.php?rest_route=\/wp\/v2\/types\/post"}],"author":[{"embeddable":true,"href":"https:\/\/filleresutak.hu\/index.php?rest_route=\/wp\/v2\/users\/1"}],"replies":[{"embeddable":true,"href":"https:\/\/filleresutak.hu\/index.php?rest_route=%2Fwp%2Fv2%2Fcomments&post=7618"}],"version-history":[{"count":2,"href":"https:\/\/filleresutak.hu\/index.php?rest_route=\/wp\/v2\/posts\/7618\/revisions"}],"predecessor-version":[{"id":7629,"href":"https:\/\/filleresutak.hu\/index.php?rest_route=\/wp\/v2\/posts\/7618\/revisions\/7629"}],"wp:featuredmedia":[{"embeddable":true,"href":"https:\/\/filleresutak.hu\/index.php?rest_route=\/wp\/v2\/media\/7622"}],"wp:attachment":[{"href":"https:\/\/filleresutak.hu\/index.php?rest_route=%2Fwp%2Fv2%2Fmedia&parent=7618"}],"wp:term":[{"taxonomy":"category","embeddable":true,"href":"https:\/\/filleresutak.hu\/index.php?rest_route=%2Fwp%2Fv2%2Fcategories&post=7618"},{"taxonomy":"post_tag","embeddable":true,"href":"https:\/\/filleresutak.hu\/index.php?rest_route=%2Fwp%2Fv2%2Ftags&post=7618"}],"curies":[{"name":"wp","href":"https:\/\/api.w.org\/{rel}","templated":true}]}}